{"id":66,"date":"2016-09-19T14:48:42","date_gmt":"2016-09-19T17:48:42","guid":{"rendered":"http:\/\/harasadal.com.br\/site\/?p=66"},"modified":"2017-01-19T14:49:12","modified_gmt":"2017-01-19T16:49:12","slug":"equipe-do-haras-adal-e-vice-campea-no-paranaense-de-amazonas-b","status":"publish","type":"post","link":"http:\/\/harasadal.com.br\/site\/2016\/09\/19\/equipe-do-haras-adal-e-vice-campea-no-paranaense-de-amazonas-b\/","title":{"rendered":"EQUIPE DO HARAS ADAL \u00c9 VICE CAMPE\u00c3 NO PARANAENSE DE AMAZONAS B"},"content":{"rendered":"<p>No dia 17 de setembro aconteceu a decis\u00e3o por equipe do Campeonato Paranaense de Amazonas na Sociedade H\u00edpica Paranaense.<br \/>\nA equipe do Haras Adal ficou com o vice campeonato na categoria Amazonas B. A equipe foi formada pelos conjuntos: Rossana Boneto \/ Antonio Grego, Cec\u00edlia Dalcanale \/ Gitta das Cataratas, Ava Santana \/ Bonito Cequipel e Ana Elisa Nieglowiski \/ Cravo Adal.<\/p>\n<p>&nbsp;<\/p>\n","protected":false},"excerpt":{"rendered":"<p>No dia 17 de setembro aconteceu a decis\u00e3o por equipe do Campeonato Paranaense de Amazonas na Sociedade H\u00edpica Paranaense. A equipe do Haras Adal ficou com o vice campeonato na categoria Amazonas B. A equipe foi formada pelos conjuntos: Rossana Boneto \/ Antonio Grego, Cec\u00edlia Dalcanale \/ Gitta das Cataratas, Ava Santana \/ Bonito Cequipel [&hellip;]<\/p>\n","protected":false},"author":1,"featured_media":67,"comment_status":"open","ping_status":"open","sticky":false,"template":"","format":"standard","meta":{"jetpack_post_was_ever_published":false,"jetpack_publicize_message":"","jetpack_is_tweetstorm":false,"jetpack_publicize_feature_enabled":true,"jetpack_social_post_already_shared":false,"jetpack_social_options":{"image_generator_settings":{"template":"highway","enabled":false}}},"categories":[3],"tags":[],"jetpack_publicize_connections":[],"jetpack_featured_media_url":"http:\/\/harasadal.com.br\/site\/wp-content\/uploads\/2017\/01\/amazonaspr16.jpg","jetpack_sharing_enabled":true,"jetpack_shortlink":"https:\/\/wp.me\/p8C6Mi-14","_links":{"self":[{"href":"http:\/\/harasadal.com.br\/site\/wp-json\/wp\/v2\/posts\/66"}],"collection":[{"href":"http:\/\/harasadal.com.br\/site\/wp-json\/wp\/v2\/posts"}],"about":[{"href":"http:\/\/harasadal.com.br\/site\/wp-json\/wp\/v2\/types\/post"}],"author":[{"embeddable":true,"href":"http:\/\/harasadal.com.br\/site\/wp-json\/wp\/v2\/users\/1"}],"replies":[{"embeddable":true,"href":"http:\/\/harasadal.com.br\/site\/wp-json\/wp\/v2\/comments?post=66"}],"version-history":[{"count":1,"href":"http:\/\/harasadal.com.br\/site\/wp-json\/wp\/v2\/posts\/66\/revisions"}],"predecessor-version":[{"id":68,"href":"http:\/\/harasadal.com.br\/site\/wp-json\/wp\/v2\/posts\/66\/revisions\/68"}],"wp:featuredmedia":[{"embeddable":true,"href":"http:\/\/harasadal.com.br\/site\/wp-json\/wp\/v2\/media\/67"}],"wp:attachment":[{"href":"http:\/\/harasadal.com.br\/site\/wp-json\/wp\/v2\/media?parent=66"}],"wp:term":[{"taxonomy":"category","embeddable":true,"href":"http:\/\/harasadal.com.br\/site\/wp-json\/wp\/v2\/categories?post=66"},{"taxonomy":"post_tag","embeddable":true,"href":"http:\/\/harasadal.com.br\/site\/wp-json\/wp\/v2\/tags?post=66"}],"curies":[{"name":"wp","href":"https:\/\/api.w.org\/{rel}","templated":true}]}}