{"id":607,"date":"2018-07-04T18:50:49","date_gmt":"2018-07-04T21:50:49","guid":{"rendered":"http:\/\/harasadal.com.br\/site\/?p=607"},"modified":"2018-07-04T18:53:30","modified_gmt":"2018-07-04T21:53:30","slug":"campeonato-paranaense-de-escola","status":"publish","type":"post","link":"http:\/\/harasadal.com.br\/site\/2018\/07\/04\/campeonato-paranaense-de-escola\/","title":{"rendered":"CAMPEONATO PARANAENSE DE ESCOLA"},"content":{"rendered":"<p>A equipe do Haras Adal esteve em Maring\u00e1 para o Campeonato Paranaense de Escolas.\u00a0O evento aconteceu nos dias 15, 16 e 17 de junho no Clube H\u00edpico de Maring\u00e1.<\/p>\n<p>Na categoria 0,40m a amazona Maria Clara Ovcar de Andrade ficou com o vice campeonato e Sophia Vialle Caramore ficou e Maria Isabel Martinez empataram em 6\u00ba lugar. Em 0,60m Isadora Drews Brenny ficou em 5\u00ba lugar empatado. E a amazona\u00a0Christina Gouloubeff foi a vice-campe\u00e3 na s\u00e9rie 0,80m.<\/p>\n<p>A equipe do Haras Adal foi a grande campe\u00e3 na categoria 0,80m e fna s\u00e9rie 0,60m as atletas do Haras Adal conquistaram o trof\u00e9u de bronze.<\/p>\n<div id=\"attachment_608\" style=\"width: 704px\" class=\"wp-caption alignnone\"><img aria-describedby=\"caption-attachment-608\" decoding=\"async\" loading=\"lazy\" class=\"size-full wp-image-608\" src=\"http:\/\/harasadal.com.br\/site\/wp-content\/uploads\/2018\/07\/35374530_2232661770285716_356296253354541056_n.jpg\" alt=\"\" width=\"694\" height=\"694\" srcset=\"http:\/\/harasadal.com.br\/site\/wp-content\/uploads\/2018\/07\/35374530_2232661770285716_356296253354541056_n.jpg 694w, http:\/\/harasadal.com.br\/site\/wp-content\/uploads\/2018\/07\/35374530_2232661770285716_356296253354541056_n-150x150.jpg 150w, http:\/\/harasadal.com.br\/site\/wp-content\/uploads\/2018\/07\/35374530_2232661770285716_356296253354541056_n-300x300.jpg 300w\" sizes=\"(max-width: 694px) 100vw, 694px\" \/><p id=\"caption-attachment-608\" class=\"wp-caption-text\">Equipe Haras Adal de Escola 0,80m no topo do p\u00f3dio do Campeonato Paranaense de Escola.<\/p><\/div>\n<div id=\"attachment_609\" style=\"width: 744px\" class=\"wp-caption alignnone\"><img aria-describedby=\"caption-attachment-609\" decoding=\"async\" loading=\"lazy\" class=\"size-full wp-image-609\" src=\"http:\/\/harasadal.com.br\/site\/wp-content\/uploads\/2018\/07\/35475210_2233398616878698_8507765184658407424_n.jpg\" alt=\"\" width=\"734\" height=\"734\" srcset=\"http:\/\/harasadal.com.br\/site\/wp-content\/uploads\/2018\/07\/35475210_2233398616878698_8507765184658407424_n.jpg 734w, http:\/\/harasadal.com.br\/site\/wp-content\/uploads\/2018\/07\/35475210_2233398616878698_8507765184658407424_n-150x150.jpg 150w, http:\/\/harasadal.com.br\/site\/wp-content\/uploads\/2018\/07\/35475210_2233398616878698_8507765184658407424_n-300x300.jpg 300w\" sizes=\"(max-width: 734px) 100vw, 734px\" \/><p id=\"caption-attachment-609\" class=\"wp-caption-text\">Maria Clara Ovcar de Andrade subiu na segunda posi\u00e7\u00e3o do p\u00f3dio Paranaense de Escola 0,40m.<\/p><\/div>\n<div id=\"attachment_610\" style=\"width: 690px\" class=\"wp-caption alignnone\"><img aria-describedby=\"caption-attachment-610\" decoding=\"async\" loading=\"lazy\" class=\"size-full wp-image-610\" src=\"http:\/\/harasadal.com.br\/site\/wp-content\/uploads\/2018\/07\/35480974_2232665330285360_1251296304592584704_n.jpg\" alt=\"\" width=\"680\" height=\"680\" srcset=\"http:\/\/harasadal.com.br\/site\/wp-content\/uploads\/2018\/07\/35480974_2232665330285360_1251296304592584704_n.jpg 680w, http:\/\/harasadal.com.br\/site\/wp-content\/uploads\/2018\/07\/35480974_2232665330285360_1251296304592584704_n-150x150.jpg 150w, http:\/\/harasadal.com.br\/site\/wp-content\/uploads\/2018\/07\/35480974_2232665330285360_1251296304592584704_n-300x300.jpg 300w\" sizes=\"(max-width: 680px) 100vw, 680px\" \/><p id=\"caption-attachment-610\" class=\"wp-caption-text\">Terceiro lugar no Campeonato Paranaense de Escola equipe 0,60m.<\/p><\/div>\n<div id=\"attachment_611\" style=\"width: 837px\" class=\"wp-caption alignnone\"><img aria-describedby=\"caption-attachment-611\" decoding=\"async\" loading=\"lazy\" class=\"size-full wp-image-611\" src=\"http:\/\/harasadal.com.br\/site\/wp-content\/uploads\/2018\/07\/35489546_2233401386878421_1252114431437963264_n.jpg\" alt=\"\" width=\"827\" height=\"827\" srcset=\"http:\/\/harasadal.com.br\/site\/wp-content\/uploads\/2018\/07\/35489546_2233401386878421_1252114431437963264_n.jpg 827w, http:\/\/harasadal.com.br\/site\/wp-content\/uploads\/2018\/07\/35489546_2233401386878421_1252114431437963264_n-150x150.jpg 150w, http:\/\/harasadal.com.br\/site\/wp-content\/uploads\/2018\/07\/35489546_2233401386878421_1252114431437963264_n-300x300.jpg 300w, http:\/\/harasadal.com.br\/site\/wp-content\/uploads\/2018\/07\/35489546_2233401386878421_1252114431437963264_n-768x768.jpg 768w\" sizes=\"(max-width: 827px) 100vw, 827px\" \/><p id=\"caption-attachment-611\" class=\"wp-caption-text\">Sophia Vialle Caramore ficou em 6\u00ba lugar no Campeonato Paranaense de escola 0,40m.<\/p><\/div>\n<div id=\"attachment_612\" style=\"width: 742px\" class=\"wp-caption alignnone\"><img aria-describedby=\"caption-attachment-612\" decoding=\"async\" loading=\"lazy\" class=\"size-full wp-image-612\" src=\"http:\/\/harasadal.com.br\/site\/wp-content\/uploads\/2018\/07\/35531107_2233393046879255_9152347601494867968_n.jpg\" alt=\"\" width=\"732\" height=\"732\" srcset=\"http:\/\/harasadal.com.br\/site\/wp-content\/uploads\/2018\/07\/35531107_2233393046879255_9152347601494867968_n.jpg 732w, http:\/\/harasadal.com.br\/site\/wp-content\/uploads\/2018\/07\/35531107_2233393046879255_9152347601494867968_n-150x150.jpg 150w, http:\/\/harasadal.com.br\/site\/wp-content\/uploads\/2018\/07\/35531107_2233393046879255_9152347601494867968_n-300x300.jpg 300w\" sizes=\"(max-width: 732px) 100vw, 732px\" \/><p id=\"caption-attachment-612\" class=\"wp-caption-text\">Christina Gouloubeff vice-campe\u00e3 Paranaense de Escola 0,80m.<\/p><\/div>\n<p>Paralelamente ao Campeonato Paranaense aconteceu a Copa Catua\u00ed e o cavaleiro do Haras Adal Jo\u00e3o Vitor Kaiser ficou em 2\u00ba lugar na categoria Jovens Cavaleiros B.<\/p>\n<div id=\"attachment_613\" style=\"width: 725px\" class=\"wp-caption alignnone\"><img aria-describedby=\"caption-attachment-613\" decoding=\"async\" loading=\"lazy\" class=\"size-full wp-image-613\" src=\"http:\/\/harasadal.com.br\/site\/wp-content\/uploads\/2018\/07\/35924240_2235551483330078_1783039034231095296_n.jpg\" alt=\"\" width=\"715\" height=\"715\" srcset=\"http:\/\/harasadal.com.br\/site\/wp-content\/uploads\/2018\/07\/35924240_2235551483330078_1783039034231095296_n.jpg 715w, http:\/\/harasadal.com.br\/site\/wp-content\/uploads\/2018\/07\/35924240_2235551483330078_1783039034231095296_n-150x150.jpg 150w, http:\/\/harasadal.com.br\/site\/wp-content\/uploads\/2018\/07\/35924240_2235551483330078_1783039034231095296_n-300x300.jpg 300w\" sizes=\"(max-width: 715px) 100vw, 715px\" \/><p id=\"caption-attachment-613\" class=\"wp-caption-text\">Jo\u00e3o V\u00edtor Kaiser foi o vice campe\u00e3o da categoria Jovens Cavaleiros B, montando a \u00e9gua Hamor Bella Adal.<\/p><\/div>\n<blockquote><p><a href=\"http:\/\/hipismoeco.com.br\/sistema\/publico\/eventos\/provas\/205\">Confira aqui o resultado completo do Campeonato Paranaense de Escola<\/a><\/p><\/blockquote>\n<p>&nbsp;<\/p>\n","protected":false},"excerpt":{"rendered":"<p>A equipe do Haras Adal esteve em Maring\u00e1 para o Campeonato Paranaense de Escolas.\u00a0O evento aconteceu nos dias 15, 16 e 17 de junho no Clube H\u00edpico de Maring\u00e1. Na categoria 0,40m a amazona Maria Clara Ovcar de Andrade ficou com o vice campeonato e Sophia Vialle Caramore ficou e Maria Isabel Martinez empataram em [&hellip;]<\/p>\n","protected":false},"author":1,"featured_media":608,"comment_status":"open","ping_status":"open","sticky":false,"template":"","format":"standard","meta":{"jetpack_post_was_ever_published":false,"jetpack_publicize_message":"","jetpack_is_tweetstorm":false,"jetpack_publicize_feature_enabled":true,"jetpack_social_post_already_shared":true,"jetpack_social_options":{"image_generator_settings":{"template":"highway","enabled":false}}},"categories":[3,6],"tags":[],"jetpack_publicize_connections":[],"jetpack_featured_media_url":"http:\/\/harasadal.com.br\/site\/wp-content\/uploads\/2018\/07\/35374530_2232661770285716_356296253354541056_n.jpg","jetpack_sharing_enabled":true,"jetpack_shortlink":"https:\/\/wp.me\/p8C6Mi-9N","_links":{"self":[{"href":"http:\/\/harasadal.com.br\/site\/wp-json\/wp\/v2\/posts\/607"}],"collection":[{"href":"http:\/\/harasadal.com.br\/site\/wp-json\/wp\/v2\/posts"}],"about":[{"href":"http:\/\/harasadal.com.br\/site\/wp-json\/wp\/v2\/types\/post"}],"author":[{"embeddable":true,"href":"http:\/\/harasadal.com.br\/site\/wp-json\/wp\/v2\/users\/1"}],"replies":[{"embeddable":true,"href":"http:\/\/harasadal.com.br\/site\/wp-json\/wp\/v2\/comments?post=607"}],"version-history":[{"count":2,"href":"http:\/\/harasadal.com.br\/site\/wp-json\/wp\/v2\/posts\/607\/revisions"}],"predecessor-version":[{"id":615,"href":"http:\/\/harasadal.com.br\/site\/wp-json\/wp\/v2\/posts\/607\/revisions\/615"}],"wp:featuredmedia":[{"embeddable":true,"href":"http:\/\/harasadal.com.br\/site\/wp-json\/wp\/v2\/media\/608"}],"wp:attachment":[{"href":"http:\/\/harasadal.com.br\/site\/wp-json\/wp\/v2\/media?parent=607"}],"wp:term":[{"taxonomy":"category","embeddable":true,"href":"http:\/\/harasadal.com.br\/site\/wp-json\/wp\/v2\/categories?post=607"},{"taxonomy":"post_tag","embeddable":true,"href":"http:\/\/harasadal.com.br\/site\/wp-json\/wp\/v2\/tags?post=607"}],"curies":[{"name":"wp","href":"https:\/\/api.w.org\/{rel}","templated":true}]}}