{"id":238,"date":"2017-04-24T14:43:47","date_gmt":"2017-04-24T17:43:47","guid":{"rendered":"http:\/\/harasadal.com.br\/site\/?p=238"},"modified":"2017-04-24T14:43:47","modified_gmt":"2017-04-24T17:43:47","slug":"3a-etapa-do-ranking-da-shpr","status":"publish","type":"post","link":"http:\/\/harasadal.com.br\/site\/2017\/04\/24\/3a-etapa-do-ranking-da-shpr\/","title":{"rendered":"3\u00aa ETAPA DO RANKING DA SHPR"},"content":{"rendered":"<p>Nos dias 15 e 16 de abril, aconteceu a 3\u00aa Etapa do Ranking da Sociedade H\u00edpica Paranaense e a equipe Adal esteve presente com um grande n\u00famero de atletas.<\/p>\n<div id=\"attachment_239\" style=\"width: 610px\" class=\"wp-caption alignnone\"><img aria-describedby=\"caption-attachment-239\" decoding=\"async\" loading=\"lazy\" class=\"size-full wp-image-239\" src=\"http:\/\/harasadal.com.br\/site\/wp-content\/uploads\/2017\/04\/IMG_5976.jpg\" alt=\"\" width=\"600\" height=\"400\" srcset=\"http:\/\/harasadal.com.br\/site\/wp-content\/uploads\/2017\/04\/IMG_5976.jpg 600w, http:\/\/harasadal.com.br\/site\/wp-content\/uploads\/2017\/04\/IMG_5976-300x200.jpg 300w, http:\/\/harasadal.com.br\/site\/wp-content\/uploads\/2017\/04\/IMG_5976-272x182.jpg 272w\" sizes=\"(max-width: 600px) 100vw, 600px\" \/><p id=\"caption-attachment-239\" class=\"wp-caption-text\">LUCIANE PIENTEKA DE MOURA fez primeiro lugar na s\u00e9rie 0,80m<\/p><\/div>\n<p>&nbsp;<\/p>\n<div id=\"attachment_240\" style=\"width: 610px\" class=\"wp-caption alignnone\"><img aria-describedby=\"caption-attachment-240\" decoding=\"async\" loading=\"lazy\" class=\"size-full wp-image-240\" src=\"http:\/\/harasadal.com.br\/site\/wp-content\/uploads\/2017\/04\/IMG_5974.jpg\" alt=\"\" width=\"600\" height=\"900\" srcset=\"http:\/\/harasadal.com.br\/site\/wp-content\/uploads\/2017\/04\/IMG_5974.jpg 600w, http:\/\/harasadal.com.br\/site\/wp-content\/uploads\/2017\/04\/IMG_5974-200x300.jpg 200w\" sizes=\"(max-width: 600px) 100vw, 600px\" \/><p id=\"caption-attachment-240\" class=\"wp-caption-text\">NINA ISABELLA BELLINO classificou em 3\u00ba lugar na s\u00e9rie 0,80m<\/p><\/div>\n<p>&nbsp;<\/p>\n<div id=\"attachment_241\" style=\"width: 610px\" class=\"wp-caption alignnone\"><img aria-describedby=\"caption-attachment-241\" decoding=\"async\" loading=\"lazy\" class=\"size-full wp-image-241\" src=\"http:\/\/harasadal.com.br\/site\/wp-content\/uploads\/2017\/04\/IMG_5967.jpg\" alt=\"\" width=\"600\" height=\"400\" srcset=\"http:\/\/harasadal.com.br\/site\/wp-content\/uploads\/2017\/04\/IMG_5967.jpg 600w, http:\/\/harasadal.com.br\/site\/wp-content\/uploads\/2017\/04\/IMG_5967-300x200.jpg 300w, http:\/\/harasadal.com.br\/site\/wp-content\/uploads\/2017\/04\/IMG_5967-272x182.jpg 272w\" sizes=\"(max-width: 600px) 100vw, 600px\" \/><p id=\"caption-attachment-241\" class=\"wp-caption-text\">JO\u00c3O VITOR KAISER A DOS SANTOS venceu a prova de s\u00e1bado na s\u00e9rie 0,80m<\/p><\/div>\n<p>&nbsp;<\/p>\n<div id=\"attachment_242\" style=\"width: 610px\" class=\"wp-caption alignnone\"><img aria-describedby=\"caption-attachment-242\" decoding=\"async\" loading=\"lazy\" class=\"size-full wp-image-242\" src=\"http:\/\/harasadal.com.br\/site\/wp-content\/uploads\/2017\/04\/IMG_5959.jpg\" alt=\"\" width=\"600\" height=\"400\" srcset=\"http:\/\/harasadal.com.br\/site\/wp-content\/uploads\/2017\/04\/IMG_5959.jpg 600w, http:\/\/harasadal.com.br\/site\/wp-content\/uploads\/2017\/04\/IMG_5959-300x200.jpg 300w, http:\/\/harasadal.com.br\/site\/wp-content\/uploads\/2017\/04\/IMG_5959-272x182.jpg 272w\" sizes=\"(max-width: 600px) 100vw, 600px\" \/><p id=\"caption-attachment-242\" class=\"wp-caption-text\">MELISSA MENGATO RUDA venceu a prova de 0,90m no s\u00e1bado.<\/p><\/div>\n<p>&nbsp;<\/p>\n<div id=\"attachment_243\" style=\"width: 610px\" class=\"wp-caption alignnone\"><img aria-describedby=\"caption-attachment-243\" decoding=\"async\" loading=\"lazy\" class=\"size-full wp-image-243\" src=\"http:\/\/harasadal.com.br\/site\/wp-content\/uploads\/2017\/04\/IMG_5913.jpg\" alt=\"\" width=\"600\" height=\"900\" srcset=\"http:\/\/harasadal.com.br\/site\/wp-content\/uploads\/2017\/04\/IMG_5913.jpg 600w, http:\/\/harasadal.com.br\/site\/wp-content\/uploads\/2017\/04\/IMG_5913-200x300.jpg 200w\" sizes=\"(max-width: 600px) 100vw, 600px\" \/><p id=\"caption-attachment-243\" class=\"wp-caption-text\">ARTHUR BORATO ficou em 2\u00ba lugar na s\u00e9rie 0,90m no s\u00e1bado.<\/p><\/div>\n<p>&nbsp;<\/p>\n<div id=\"attachment_244\" style=\"width: 610px\" class=\"wp-caption alignnone\"><img aria-describedby=\"caption-attachment-244\" decoding=\"async\" loading=\"lazy\" class=\"size-full wp-image-244\" src=\"http:\/\/harasadal.com.br\/site\/wp-content\/uploads\/2017\/04\/IMG_5916.jpg\" alt=\"\" width=\"600\" height=\"900\" srcset=\"http:\/\/harasadal.com.br\/site\/wp-content\/uploads\/2017\/04\/IMG_5916.jpg 600w, http:\/\/harasadal.com.br\/site\/wp-content\/uploads\/2017\/04\/IMG_5916-200x300.jpg 200w\" sizes=\"(max-width: 600px) 100vw, 600px\" \/><p id=\"caption-attachment-244\" class=\"wp-caption-text\">ANA JULIA DA PAZ ZARUTZKI, classificou em 3\u00ba lugar na s\u00e9rie 0,90m<\/p><\/div>\n<p>&nbsp;<\/p>\n<div id=\"attachment_245\" style=\"width: 610px\" class=\"wp-caption alignnone\"><img aria-describedby=\"caption-attachment-245\" decoding=\"async\" loading=\"lazy\" class=\"size-full wp-image-245\" src=\"http:\/\/harasadal.com.br\/site\/wp-content\/uploads\/2017\/04\/IMG_5965.jpg\" alt=\"\" width=\"600\" height=\"400\" srcset=\"http:\/\/harasadal.com.br\/site\/wp-content\/uploads\/2017\/04\/IMG_5965.jpg 600w, http:\/\/harasadal.com.br\/site\/wp-content\/uploads\/2017\/04\/IMG_5965-300x200.jpg 300w, http:\/\/harasadal.com.br\/site\/wp-content\/uploads\/2017\/04\/IMG_5965-272x182.jpg 272w\" sizes=\"(max-width: 600px) 100vw, 600px\" \/><p id=\"caption-attachment-245\" class=\"wp-caption-text\">AVA CRISTINA SANTANA SANTOS ganhou a s\u00e9rie 0,90m categoria Aberta<\/p><\/div>\n<p>&nbsp;<\/p>\n<div id=\"attachment_246\" style=\"width: 610px\" class=\"wp-caption alignnone\"><img aria-describedby=\"caption-attachment-246\" decoding=\"async\" loading=\"lazy\" class=\"size-full wp-image-246\" src=\"http:\/\/harasadal.com.br\/site\/wp-content\/uploads\/2017\/04\/IMG_6008.jpg\" alt=\"\" width=\"600\" height=\"900\" srcset=\"http:\/\/harasadal.com.br\/site\/wp-content\/uploads\/2017\/04\/IMG_6008.jpg 600w, http:\/\/harasadal.com.br\/site\/wp-content\/uploads\/2017\/04\/IMG_6008-200x300.jpg 200w\" sizes=\"(max-width: 600px) 100vw, 600px\" \/><p id=\"caption-attachment-246\" class=\"wp-caption-text\">SANDRA REGINA PEPICELLI DE ALMEIDA venceu a prova de domingo na s\u00e9rie 0,60m<\/p><\/div>\n<p>&nbsp;<\/p>\n<div id=\"attachment_247\" style=\"width: 610px\" class=\"wp-caption alignnone\"><img aria-describedby=\"caption-attachment-247\" decoding=\"async\" loading=\"lazy\" class=\"size-full wp-image-247\" src=\"http:\/\/harasadal.com.br\/site\/wp-content\/uploads\/2017\/04\/IMG_5984.jpg\" alt=\"\" width=\"600\" height=\"400\" srcset=\"http:\/\/harasadal.com.br\/site\/wp-content\/uploads\/2017\/04\/IMG_5984.jpg 600w, http:\/\/harasadal.com.br\/site\/wp-content\/uploads\/2017\/04\/IMG_5984-300x200.jpg 300w, http:\/\/harasadal.com.br\/site\/wp-content\/uploads\/2017\/04\/IMG_5984-272x182.jpg 272w\" sizes=\"(max-width: 600px) 100vw, 600px\" \/><p id=\"caption-attachment-247\" class=\"wp-caption-text\">SOPHIA BOOTS em 5\u00ba lugar na s\u00e9rie 0,60m<\/p><\/div>\n<p>&nbsp;<\/p>\n<div id=\"attachment_248\" style=\"width: 610px\" class=\"wp-caption alignnone\"><img aria-describedby=\"caption-attachment-248\" decoding=\"async\" loading=\"lazy\" class=\"size-full wp-image-248\" src=\"http:\/\/harasadal.com.br\/site\/wp-content\/uploads\/2017\/04\/IMG_5980.jpg\" alt=\"\" width=\"600\" height=\"400\" srcset=\"http:\/\/harasadal.com.br\/site\/wp-content\/uploads\/2017\/04\/IMG_5980.jpg 600w, http:\/\/harasadal.com.br\/site\/wp-content\/uploads\/2017\/04\/IMG_5980-300x200.jpg 300w, http:\/\/harasadal.com.br\/site\/wp-content\/uploads\/2017\/04\/IMG_5980-272x182.jpg 272w\" sizes=\"(max-width: 600px) 100vw, 600px\" \/><p id=\"caption-attachment-248\" class=\"wp-caption-text\">ALEXANDRA MOUTINHO DE SOUZA BENITES ficou em 6\u00ba lugar na prova de domingo na s\u00e9rie 0,60m<\/p><\/div>\n<p>&nbsp;<\/p>\n<div id=\"attachment_249\" style=\"width: 610px\" class=\"wp-caption alignnone\"><img aria-describedby=\"caption-attachment-249\" decoding=\"async\" loading=\"lazy\" class=\"size-full wp-image-249\" src=\"http:\/\/harasadal.com.br\/site\/wp-content\/uploads\/2017\/04\/IMG_5942.jpg\" alt=\"\" width=\"600\" height=\"900\" srcset=\"http:\/\/harasadal.com.br\/site\/wp-content\/uploads\/2017\/04\/IMG_5942.jpg 600w, http:\/\/harasadal.com.br\/site\/wp-content\/uploads\/2017\/04\/IMG_5942-200x300.jpg 200w\" sizes=\"(max-width: 600px) 100vw, 600px\" \/><p id=\"caption-attachment-249\" class=\"wp-caption-text\">AMANDA SELUCHINESK BRAGAN\u00e7A ficou em 4\u00ba lugar no s\u00e1bado, na s\u00e9rie 0,80m<\/p><\/div>\n<p>&nbsp;<\/p>\n<div id=\"attachment_250\" style=\"width: 490px\" class=\"wp-caption alignnone\"><img aria-describedby=\"caption-attachment-250\" decoding=\"async\" loading=\"lazy\" class=\"size-full wp-image-250\" src=\"http:\/\/harasadal.com.br\/site\/wp-content\/uploads\/2017\/04\/3etapasjpr1.jpg\" alt=\"\" width=\"480\" height=\"600\" srcset=\"http:\/\/harasadal.com.br\/site\/wp-content\/uploads\/2017\/04\/3etapasjpr1.jpg 480w, http:\/\/harasadal.com.br\/site\/wp-content\/uploads\/2017\/04\/3etapasjpr1-240x300.jpg 240w\" sizes=\"(max-width: 480px) 100vw, 480px\" \/><p id=\"caption-attachment-250\" class=\"wp-caption-text\">Alberto Dalcanale e Lari Adal, campe\u00f5es da categoria Amador 1,20m<\/p><\/div>\n<p>&nbsp;<\/p>\n<div id=\"attachment_251\" style=\"width: 778px\" class=\"wp-caption alignnone\"><img aria-describedby=\"caption-attachment-251\" decoding=\"async\" loading=\"lazy\" class=\"size-full wp-image-251\" src=\"http:\/\/harasadal.com.br\/site\/wp-content\/uploads\/2017\/04\/3etapasjpr2.jpg\" alt=\"\" width=\"768\" height=\"960\" srcset=\"http:\/\/harasadal.com.br\/site\/wp-content\/uploads\/2017\/04\/3etapasjpr2.jpg 768w, http:\/\/harasadal.com.br\/site\/wp-content\/uploads\/2017\/04\/3etapasjpr2-240x300.jpg 240w\" sizes=\"(max-width: 768px) 100vw, 768px\" \/><p id=\"caption-attachment-251\" class=\"wp-caption-text\">Ana Elisa e Cisco venceram o primeiro dia na categoria Jovens Cavaleiros B.<\/p><\/div>\n<p><strong><a href=\"http:\/\/hipismoeco.com.br\/sistema\/publico\/eventos\/provas\/129\">Para ver todos os resultados do evento clique aqui.<\/a><\/strong><\/p>\n<p>&nbsp;<\/p>\n","protected":false},"excerpt":{"rendered":"<p>Nos dias 15 e 16 de abril, aconteceu a 3\u00aa Etapa do Ranking da Sociedade H\u00edpica Paranaense e a equipe Adal esteve presente com um grande n\u00famero de atletas. &nbsp; &nbsp; &nbsp; &nbsp; &nbsp; &nbsp; &nbsp; &nbsp; &nbsp; &nbsp; &nbsp; &nbsp; Para ver todos os resultados do evento clique aqui. &nbsp;<\/p>\n","protected":false},"author":1,"featured_media":252,"comment_status":"open","ping_status":"open","sticky":false,"template":"","format":"standard","meta":{"jetpack_post_was_ever_published":false,"jetpack_publicize_message":"","jetpack_is_tweetstorm":false,"jetpack_publicize_feature_enabled":true,"jetpack_social_post_already_shared":true,"jetpack_social_options":{"image_generator_settings":{"template":"highway","enabled":false}}},"categories":[6],"tags":[],"jetpack_publicize_connections":[],"jetpack_featured_media_url":"http:\/\/harasadal.com.br\/site\/wp-content\/uploads\/2017\/04\/IMG_6000.jpg","jetpack_sharing_enabled":true,"jetpack_shortlink":"https:\/\/wp.me\/p8C6Mi-3Q","_links":{"self":[{"href":"http:\/\/harasadal.com.br\/site\/wp-json\/wp\/v2\/posts\/238"}],"collection":[{"href":"http:\/\/harasadal.com.br\/site\/wp-json\/wp\/v2\/posts"}],"about":[{"href":"http:\/\/harasadal.com.br\/site\/wp-json\/wp\/v2\/types\/post"}],"author":[{"embeddable":true,"href":"http:\/\/harasadal.com.br\/site\/wp-json\/wp\/v2\/users\/1"}],"replies":[{"embeddable":true,"href":"http:\/\/harasadal.com.br\/site\/wp-json\/wp\/v2\/comments?post=238"}],"version-history":[{"count":1,"href":"http:\/\/harasadal.com.br\/site\/wp-json\/wp\/v2\/posts\/238\/revisions"}],"predecessor-version":[{"id":253,"href":"http:\/\/harasadal.com.br\/site\/wp-json\/wp\/v2\/posts\/238\/revisions\/253"}],"wp:featuredmedia":[{"embeddable":true,"href":"http:\/\/harasadal.com.br\/site\/wp-json\/wp\/v2\/media\/252"}],"wp:attachment":[{"href":"http:\/\/harasadal.com.br\/site\/wp-json\/wp\/v2\/media?parent=238"}],"wp:term":[{"taxonomy":"category","embeddable":true,"href":"http:\/\/harasadal.com.br\/site\/wp-json\/wp\/v2\/categories?post=238"},{"taxonomy":"post_tag","embeddable":true,"href":"http:\/\/harasadal.com.br\/site\/wp-json\/wp\/v2\/tags?post=238"}],"curies":[{"name":"wp","href":"https:\/\/api.w.org\/{rel}","templated":true}]}}